{"id":189,"date":"2013-03-03T01:47:35","date_gmt":"2013-03-03T01:47:35","guid":{"rendered":"http:\/\/includit.ipleiria.pt\/?p=189"},"modified":"2013-10-28T17:01:36","modified_gmt":"2013-10-28T17:01:36","slug":"conferencia-internacional-para-a-inclusao-5-6-julho-2013-instituto-politecnico-de-leiria-4","status":"publish","type":"post","link":"https:\/\/includit.ipleiria.pt\/en\/2013\/03\/03\/conferencia-internacional-para-a-inclusao-5-6-julho-2013-instituto-politecnico-de-leiria-4\/","title":{"rendered":"Confer\u00eancia Internacional para a Inclus\u00e3o &#8211; 5-6 julho 2013 &#8211; Instituto Polit\u00e9cnico de Leiria"},"content":{"rendered":"","protected":false},"excerpt":{"rendered":"<p> <span class=\"more-text\">[+]<\/span><\/p>\n","protected":false},"author":5,"featured_media":0,"comment_status":"closed","ping_status":"closed","sticky":false,"template":"","format":"standard","meta":{"_monsterinsights_skip_tracking":false,"_monsterinsights_sitenote_active":false,"_monsterinsights_sitenote_note":"","_monsterinsights_sitenote_category":0,"footnotes":""},"categories":[19740],"tags":[],"class_list":["post-189","post","type-post","status-publish","format-standard","hentry","category-featured-pt"],"_links":{"self":[{"href":"https:\/\/includit.ipleiria.pt\/en\/wp-json\/wp\/v2\/posts\/189","targetHints":{"allow":["GET"]}}],"collection":[{"href":"https:\/\/includit.ipleiria.pt\/en\/wp-json\/wp\/v2\/posts"}],"about":[{"href":"https:\/\/includit.ipleiria.pt\/en\/wp-json\/wp\/v2\/types\/post"}],"author":[{"embeddable":true,"href":"https:\/\/includit.ipleiria.pt\/en\/wp-json\/wp\/v2\/users\/5"}],"replies":[{"embeddable":true,"href":"https:\/\/includit.ipleiria.pt\/en\/wp-json\/wp\/v2\/comments?post=189"}],"version-history":[{"count":1,"href":"https:\/\/includit.ipleiria.pt\/en\/wp-json\/wp\/v2\/posts\/189\/revisions"}],"predecessor-version":[{"id":437,"href":"https:\/\/includit.ipleiria.pt\/en\/wp-json\/wp\/v2\/posts\/189\/revisions\/437"}],"wp:attachment":[{"href":"https:\/\/includit.ipleiria.pt\/en\/wp-json\/wp\/v2\/media?parent=189"}],"wp:term":[{"taxonomy":"category","embeddable":true,"href":"https:\/\/includit.ipleiria.pt\/en\/wp-json\/wp\/v2\/categories?post=189"},{"taxonomy":"post_tag","embeddable":true,"href":"https:\/\/includit.ipleiria.pt\/en\/wp-json\/wp\/v2\/tags?post=189"}],"curies":[{"name":"wp","href":"https:\/\/api.w.org\/{rel}","templated":true}]}}